{"id":267,"date":"2025-03-17T11:52:35","date_gmt":"2025-03-17T10:52:35","guid":{"rendered":"https:\/\/emcu.fr\/?p=267"},"modified":"2025-05-23T15:18:59","modified_gmt":"2025-05-23T13:18:59","slug":"concours-de-composition-les-finalistes","status":"publish","type":"post","link":"https:\/\/emcu.fr\/index.php\/2025\/03\/17\/concours-de-composition-les-finalistes\/","title":{"rendered":"Concours de Composition &#8211; Les finalistes"},"content":{"rendered":"\n<p>[English Below]<\/p>\n\n\n\n<p>Suite \u00e0 une demi-finale intense qui a eu lieu samedi 15 mars au th\u00e9atre Montjoie de St Gervais les Bains, nous avons le plaisir de vous annoncer les 3 pi\u00e8ces s\u00e9lectionn\u00e9es pour la finale par notre Jury compos\u00e9 de Viviane G\u00e9gout, Bruno Rossero et pr\u00e9sid\u00e9 par Jean-Pierre Gonzalves : \u00ab\u00a0Cycles\u00a0\u00bb, \u00ab\u00a0Dark Matter\u00a0\u00bb et \u00ab\u00a0Orbes et Fanfares\u00a0\u00bb.<\/p>\n\n\n\n<p>Encore bravo \u00e0 l&rsquo;ensemble des candidats. Rendez-vous pour la finale le Samedi 24 Mai au Diapason de St Marcellin. Merci encore \u00e0 nos sponsors pour leur soutien : <a href=\"https:\/\/www.facebook.com\/MercerBarker?__tn__=-]K*F\">Mercer &amp; Barker Ltd<\/a><a href=\"https:\/\/www.facebook.com\/AjAtelierDesCuivres?__tn__=-]K*F\">, AJ Atelier des Cuivres, <\/a><a href=\"https:\/\/www.facebook.com\/arpegesarmandmeyer?__tn__=-]K*F\">Arp\u00e8ges Armand Meyer, <\/a><a href=\"https:\/\/www.facebook.com\/isere.le.departement?__tn__=-]K*F\">Is\u00e8re,<\/a> Jerome Wiss, <a href=\"https:\/\/www.facebook.com\/profile.php?id=100063244387435&amp;__tn__=-]K*F\">Editions Robert Martin<\/a>, Atelier Rico Vent.<\/p>\n\n\n\n<p>[English]<\/p>\n\n\n\n<p>Following an intense semi-final that took place on Saturday, March 15, at the Montjoie Theatre in St Gervais les Bains, we are delighted to announce the three works selected for the final by our jury, composed of Viviane G\u00e9gout, Bruno Rossero, and chaired by Jean-Pierre Gonzalves : \u00ab\u00a0Cycles\u00a0\u00bb, \u00ab\u00a0Dark Matter\u00a0\u00bb and \u00ab\u00a0Orbes et Fanfares\u00a0\u00bb.<\/p>\n\n\n\n<p>Again, congratulations to all the candidates. See you for the final on Saturday, May 24, at the Diapason in St Marcellin. <\/p>\n\n\n\n<p>Many thanks to our sponsors for their support: Mercer &amp; Barker Ltd, AJ Atelier des Cuivres, Arp\u00e8ges Armand Meyer, Is\u00e8re, Jerome Wiss, Editions Robert Martin, and Atelier Rico Vent.<\/p>\n\n\n\n<figure class=\"wp-block-image size-full\"><img loading=\"lazy\" decoding=\"async\" width=\"1000\" height=\"524\" src=\"https:\/\/emcu.fr\/wp-content\/uploads\/2025\/03\/concours_finalists.jpg\" alt=\"\" class=\"wp-image-264\" srcset=\"https:\/\/emcu.fr\/wp-content\/uploads\/2025\/03\/concours_finalists.jpg 1000w, https:\/\/emcu.fr\/wp-content\/uploads\/2025\/03\/concours_finalists-300x157.jpg 300w, https:\/\/emcu.fr\/wp-content\/uploads\/2025\/03\/concours_finalists-768x402.jpg 768w\" sizes=\"auto, (max-width: 1000px) 100vw, 1000px\" \/><\/figure>\n","protected":false},"excerpt":{"rendered":"<p>[English Below] Suite \u00e0 une demi-finale intense qui a eu lieu samedi 15 mars au th\u00e9atre Montjoie de St Gervais les Bains, nous avons le plaisir de vous annoncer les 3 pi\u00e8ces s\u00e9lectionn\u00e9es pour la finale par notre Jury compos\u00e9 de Viviane G\u00e9gout, Bruno Rossero et pr\u00e9sid\u00e9 par Jean-Pierre Gonzalves : \u00ab\u00a0Cycles\u00a0\u00bb, \u00ab\u00a0Dark Matter\u00a0\u00bb et \u00ab\u00a0Orbes et Fanfares\u00a0\u00bb. Encore bravo \u00e0 l&rsquo;ensemble des candidats. Rendez-vous pour la finale le Samedi 24 Mai au Diapason de St Marcellin. Merci encore \u00e0 nos sponsors pour leur soutien : Mercer &amp; Barker Ltd, AJ Atelier des Cuivres, Arp\u00e8ges Armand Meyer, Is\u00e8re, Jerome Wiss, Editions Robert Martin, Atelier Rico Vent. [English] Following an intense semi-final that took place on Saturday, March 15, at the Montjoie Theatre in St Gervais les Bains, we are delighted to announce the three works selected for the final by our jury, composed of Viviane G\u00e9gout, Bruno Rossero, and chaired by Jean-Pierre Gonzalves : \u00ab\u00a0Cycles\u00a0\u00bb, \u00ab\u00a0Dark Matter\u00a0\u00bb and \u00ab\u00a0Orbes et Fanfares\u00a0\u00bb. Again, congratulations to all the candidates. See you for the final on Saturday, May 24, at the Diapason in St Marcellin. Many thanks to our sponsors for their support: Mercer &amp; Barker Ltd, AJ Atelier des Cuivres, Arp\u00e8ges Armand<a href=\"https:\/\/emcu.fr\/index.php\/2025\/03\/17\/concours-de-composition-les-finalistes\/\" class=\"more-link\"><span class=\"readmore\">Lire plus&#8230;<span class=\"screen-reader-text\">Concours de Composition &#8211; Les finalistes<\/span><\/span><\/a><\/p>\n","protected":false},"author":1,"featured_media":264,"comment_status":"closed","ping_status":"closed","sticky":false,"template":"","format":"standard","meta":{"footnotes":""},"categories":[17],"tags":[],"class_list":["post-267","post","type-post","status-publish","format-standard","has-post-thumbnail","hentry","category-concours"],"_links":{"self":[{"href":"https:\/\/emcu.fr\/index.php\/wp-json\/wp\/v2\/posts\/267","targetHints":{"allow":["GET"]}}],"collection":[{"href":"https:\/\/emcu.fr\/index.php\/wp-json\/wp\/v2\/posts"}],"about":[{"href":"https:\/\/emcu.fr\/index.php\/wp-json\/wp\/v2\/types\/post"}],"author":[{"embeddable":true,"href":"https:\/\/emcu.fr\/index.php\/wp-json\/wp\/v2\/users\/1"}],"replies":[{"embeddable":true,"href":"https:\/\/emcu.fr\/index.php\/wp-json\/wp\/v2\/comments?post=267"}],"version-history":[{"count":1,"href":"https:\/\/emcu.fr\/index.php\/wp-json\/wp\/v2\/posts\/267\/revisions"}],"predecessor-version":[{"id":268,"href":"https:\/\/emcu.fr\/index.php\/wp-json\/wp\/v2\/posts\/267\/revisions\/268"}],"wp:featuredmedia":[{"embeddable":true,"href":"https:\/\/emcu.fr\/index.php\/wp-json\/wp\/v2\/media\/264"}],"wp:attachment":[{"href":"https:\/\/emcu.fr\/index.php\/wp-json\/wp\/v2\/media?parent=267"}],"wp:term":[{"taxonomy":"category","embeddable":true,"href":"https:\/\/emcu.fr\/index.php\/wp-json\/wp\/v2\/categories?post=267"},{"taxonomy":"post_tag","embeddable":true,"href":"https:\/\/emcu.fr\/index.php\/wp-json\/wp\/v2\/tags?post=267"}],"curies":[{"name":"wp","href":"https:\/\/api.w.org\/{rel}","templated":true}]}}