{"id":303,"date":"2025-05-28T10:51:59","date_gmt":"2025-05-28T08:51:59","guid":{"rendered":"https:\/\/emcu.fr\/?p=303"},"modified":"2025-11-24T10:53:06","modified_gmt":"2025-11-24T09:53:06","slug":"resultats-grande-finale-concours-de-composition","status":"publish","type":"post","link":"https:\/\/emcu.fr\/index.php\/2025\/05\/28\/resultats-grande-finale-concours-de-composition\/","title":{"rendered":"R\u00e9sultats &#8211; Grande finale &#8211; Concours de composition"},"content":{"rendered":"\n<p>[English below]<\/p>\n\n\n\n<h3 class=\"wp-block-heading\">Un concert de cl\u00f4ture inoubliable !<\/h3>\n\n\n\n<p>Hier soir, notre grand projet autour du 1er concours international de composition pour grand orchestre de cuivres et percussions s\u2019est termin\u00e9 en beaut\u00e9 <\/p>\n\n\n\n<p>En premi\u00e8re partie, un public nombreux est venu applaudir les stagiaires cuivres de la r\u00e9gion de Saint-Marcellin ainsi que les chanteurs de l&rsquo;\u00e9cole \u00e9l\u00e9mentaire de Cognin-les-Gorges. Bravo \u00e0 eux !<\/p>\n\n\n\n<p>En seconde partie, l\u2019ensemble E=mCu a interpr\u00e9t\u00e9 avec brio les 3 \u0153uvres finalistes (Cycles, Dark Matter, Orbes et Fanfares), devant un jury d\u2019experts compos\u00e9 de : <\/p>\n\n\n\n<ul class=\"wp-block-list\">\n<li>Claude Kesmaecker (pr\u00e9sident)<\/li>\n\n\n\n<li>Stephanie Kennedy<\/li>\n\n\n\n<li>Marc Andr\u00e9.<\/li>\n<\/ul>\n\n\n\n<p><a href=\"https:\/\/www.facebook.com\/stephanie.mitchell.965?__cft__%5b0%5d=AZWOdDl6Q41o6zYX7Rt3bQeCVnR_9AEUJSVS60V9-b1pIjHuP2uM_cjtiEaI17FnN_ZSwTJFxvX_2QnbksJNHTaYzOMVJMIye8JyfJzD1gzXCQTc725J1vCwzMkflHk5AZHGqjUKkm8J07-YlN8a2I0jrsGSChgq23tocMdL_DK5gw&amp;__tn__=-%5dK-R\"><strong>Stephanie Kennedy<\/strong><\/a> nous a \u00e9blouis au bugle, en soliste dans une \u0153uvre de Tom Davoren, accompagn\u00e9e par l\u2019ensemble E=mCu, sous la direction de C\u00e9dric Rossero.<\/p>\n\n\n\n<p>Et enfin, le moment tant attendu des r\u00e9sultats :<\/p>\n\n\n\n<p>Prix de l&rsquo;ensemble E=mCu (vote des musiciens), Ex-aequo : <\/p>\n\n\n\n<ul class=\"wp-block-list\">\n<li>Cycles (<a href=\"https:\/\/www.facebook.com\/profile.php?id=100016517232542&amp;__cft__%5b0%5d=AZWOdDl6Q41o6zYX7Rt3bQeCVnR_9AEUJSVS60V9-b1pIjHuP2uM_cjtiEaI17FnN_ZSwTJFxvX_2QnbksJNHTaYzOMVJMIye8JyfJzD1gzXCQTc725J1vCwzMkflHk5AZHGqjUKkm8J07-YlN8a2I0jrsGSChgq23tocMdL_DK5gw&amp;__tn__=-%5dK-R\"><strong>\u00c1lvaro Fenoll Mula<\/strong><\/a>)<\/li>\n\n\n\n<li>Dark Matter (<a href=\"https:\/\/www.facebook.com\/hans.loirs.3?__cft__%5b0%5d=AZWOdDl6Q41o6zYX7Rt3bQeCVnR_9AEUJSVS60V9-b1pIjHuP2uM_cjtiEaI17FnN_ZSwTJFxvX_2QnbksJNHTaYzOMVJMIye8JyfJzD1gzXCQTc725J1vCwzMkflHk5AZHGqjUKkm8J07-YlN8a2I0jrsGSChgq23tocMdL_DK5gw&amp;__tn__=-%5dK-R\"><strong>Hans Loirs<\/strong><\/a> )<\/li>\n<\/ul>\n\n\n\n<p>Prix du public : <\/p>\n\n\n\n<ul class=\"wp-block-list\">\n<li>Dark Matter (Hans Loir)<\/li>\n<\/ul>\n\n\n\n<p>Prix du jury : <\/p>\n\n\n\n<ul class=\"wp-block-list\">\n<li>1er prix : Dark Matter (Hans Loir)<\/li>\n\n\n\n<li>2\u00e8me prix : Cycles (Alvaro Fenoll Mula)<\/li>\n\n\n\n<li>3\u00e8me prix : Orbes et Fanfares (<a href=\"https:\/\/www.facebook.com\/ADnet\"><strong>Alexandre David<\/strong><\/a>)<\/li>\n<\/ul>\n\n\n\n<p>Un immense merci \u00e0 :<\/p>\n\n\n\n<ul class=\"wp-block-list\">\n<li>Viviane G\u00e9gout, directrice de l&rsquo;\u00c9cole Intercommunale de St Marcellin Vercors Is\u00e8re<\/li>\n\n\n\n<li>Tous les professeurs de cuivres du territoire<\/li>\n\n\n\n<li>Les musiciens de E=mCu pour leur engagement et l\u2019organisation<\/li>\n<\/ul>\n\n\n\n<p>Et bien s\u00fbr, merci \u00e0 nos partenaires :<\/p>\n\n\n\n<ul class=\"wp-block-list\">\n<li><a href=\"https:\/\/www.facebook.com\/AjAtelierDesCuivres?__cft__%5b0%5d=AZWOdDl6Q41o6zYX7Rt3bQeCVnR_9AEUJSVS60V9-b1pIjHuP2uM_cjtiEaI17FnN_ZSwTJFxvX_2QnbksJNHTaYzOMVJMIye8JyfJzD1gzXCQTc725J1vCwzMkflHk5AZHGqjUKkm8J07-YlN8a2I0jrsGSChgq23tocMdL_DK5gw&amp;__tn__=-%5dK-R\"><strong>AJ Atelier des Cuivres<\/strong><\/a><\/li>\n\n\n\n<li><a href=\"https:\/\/www.facebook.com\/arpegesarmandmeyer?__cft__%5b0%5d=AZWOdDl6Q41o6zYX7Rt3bQeCVnR_9AEUJSVS60V9-b1pIjHuP2uM_cjtiEaI17FnN_ZSwTJFxvX_2QnbksJNHTaYzOMVJMIye8JyfJzD1gzXCQTc725J1vCwzMkflHk5AZHGqjUKkm8J07-YlN8a2I0jrsGSChgq23tocMdL_DK5gw&amp;__tn__=-%5dK-R\"><strong>Arp\u00e8ges Armand Meyer<\/strong><\/a><\/li>\n\n\n\n<li>Jerome Wiss<\/li>\n\n\n\n<li><a href=\"https:\/\/www.facebook.com\/MercerBarker?__cft__%5b0%5d=AZWOdDl6Q41o6zYX7Rt3bQeCVnR_9AEUJSVS60V9-b1pIjHuP2uM_cjtiEaI17FnN_ZSwTJFxvX_2QnbksJNHTaYzOMVJMIye8JyfJzD1gzXCQTc725J1vCwzMkflHk5AZHGqjUKkm8J07-YlN8a2I0jrsGSChgq23tocMdL_DK5gw&amp;__tn__=-%5dK-R\"><strong>Mercer &amp; Barker Ltd<\/strong><\/a><\/li>\n\n\n\n<li><a href=\"https:\/\/www.facebook.com\/profile.php?id=100063244387435&amp;__cft__%5b0%5d=AZWOdDl6Q41o6zYX7Rt3bQeCVnR_9AEUJSVS60V9-b1pIjHuP2uM_cjtiEaI17FnN_ZSwTJFxvX_2QnbksJNHTaYzOMVJMIye8JyfJzD1gzXCQTc725J1vCwzMkflHk5AZHGqjUKkm8J07-YlN8a2I0jrsGSChgq23tocMdL_DK5gw&amp;__tn__=-%5dK-R\"><strong>Editions Robert Martin<\/strong><\/a><\/li>\n\n\n\n<li>Atelier Rico Vents<\/li>\n\n\n\n<li><a href=\"https:\/\/www.facebook.com\/isere.le.departement?__cft__%5b0%5d=AZWOdDl6Q41o6zYX7Rt3bQeCVnR_9AEUJSVS60V9-b1pIjHuP2uM_cjtiEaI17FnN_ZSwTJFxvX_2QnbksJNHTaYzOMVJMIye8JyfJzD1gzXCQTc725J1vCwzMkflHk5AZHGqjUKkm8J07-YlN8a2I0jrsGSChgq23tocMdL_DK5gw&amp;__tn__=-%5dK-R\">Le d\u00e9partement de l&rsquo;Is\u00e8re<\/a><\/li>\n<\/ul>\n\n\n\n<p>[English]<\/p>\n\n\n\n<h2 class=\"wp-block-heading\">Results \u2013 Grand Finale \u2013 Composition Competition<\/h2>\n\n\n\n<h3 class=\"wp-block-heading\">An unforgettable closing concert! <\/h3>\n\n\n\n<p>Last night marked a beautiful conclusion to our major project: the 1st International Composition Competition for Large Brass and Percussion Ensemble.<\/p>\n\n\n\n<p>In the first part of the evening, a large audience gathered to cheer on the brass students from the Saint-Marcellin area, as well as the singers from Cognin-les-Gorges elementary school. Congratulations to all of them!<\/p>\n\n\n\n<p>In the second half, the ensemble E=mCu brilliantly performed the three finalist works in front of a distinguished jury:<\/p>\n\n\n\n<ul class=\"wp-block-list\">\n<li>Claude Kesmaecker (president)<\/li>\n\n\n\n<li>Stephanie Kennedy<\/li>\n\n\n\n<li>Marc Andr\u00e9.<\/li>\n<\/ul>\n\n\n\n<p>Stephanie Kennedy dazzled us on flugelhorn, performing as a soloist in a piece by Tom Davoren, accompanied by E=mCu under the direction of C\u00e9dric Rossero.<\/p>\n\n\n\n<p>And finally, the much-anticipated results:<\/p>\n\n\n\n<p>E=mCu Ensemble Prize (voted by the musicians), a tie:<\/p>\n\n\n\n<ul class=\"wp-block-list\">\n<li>Cycles (<a href=\"https:\/\/www.facebook.com\/profile.php?id=100016517232542&amp;__cft__%5b0%5d=AZWOdDl6Q41o6zYX7Rt3bQeCVnR_9AEUJSVS60V9-b1pIjHuP2uM_cjtiEaI17FnN_ZSwTJFxvX_2QnbksJNHTaYzOMVJMIye8JyfJzD1gzXCQTc725J1vCwzMkflHk5AZHGqjUKkm8J07-YlN8a2I0jrsGSChgq23tocMdL_DK5gw&amp;__tn__=-%5dK-R\"><strong>\u00c1lvaro Fenoll Mula<\/strong><\/a>)<\/li>\n\n\n\n<li>Dark Matter (<a href=\"https:\/\/www.facebook.com\/hans.loirs.3?__cft__%5b0%5d=AZWOdDl6Q41o6zYX7Rt3bQeCVnR_9AEUJSVS60V9-b1pIjHuP2uM_cjtiEaI17FnN_ZSwTJFxvX_2QnbksJNHTaYzOMVJMIye8JyfJzD1gzXCQTc725J1vCwzMkflHk5AZHGqjUKkm8J07-YlN8a2I0jrsGSChgq23tocMdL_DK5gw&amp;__tn__=-%5dK-R\"><strong>Hans Loirs<\/strong><\/a> )<\/li>\n<\/ul>\n\n\n\n<p>Audience Award:<\/p>\n\n\n\n<ul class=\"wp-block-list\">\n<li>Dark Matter (Hans Loir )<\/li>\n<\/ul>\n\n\n\n<p>Jury Award:<\/p>\n\n\n\n<ul class=\"wp-block-list\">\n<li>1st pize : Dark Matter (Hans Loir)<\/li>\n\n\n\n<li>2nd prize : Cycles (\u00c1lvaro Fenoll Mula)<\/li>\n\n\n\n<li>3rd prize : Orbes et Fanfares (<a href=\"https:\/\/www.facebook.com\/ADnet\"><strong>Alexandre David<\/strong><\/a>)<\/li>\n<\/ul>\n\n\n\n<p>A huge thank you to:<\/p>\n\n\n\n<ul class=\"wp-block-list\">\n<li>Viviane G\u00e9gout, Director of the Intercommunal School of St Marcellin Vercors Is\u00e8re<\/li>\n\n\n\n<li>All the brass teachers from the region<\/li>\n\n\n\n<li>The musicians of E=mCu for their dedication and organization<\/li>\n<\/ul>\n\n\n\n<p>And of course, thank you to our amazing partners:<\/p>\n\n\n\n<ul class=\"wp-block-list\">\n<li><a href=\"https:\/\/www.facebook.com\/AjAtelierDesCuivres?__cft__%5b0%5d=AZWOdDl6Q41o6zYX7Rt3bQeCVnR_9AEUJSVS60V9-b1pIjHuP2uM_cjtiEaI17FnN_ZSwTJFxvX_2QnbksJNHTaYzOMVJMIye8JyfJzD1gzXCQTc725J1vCwzMkflHk5AZHGqjUKkm8J07-YlN8a2I0jrsGSChgq23tocMdL_DK5gw&amp;__tn__=-%5dK-R\"><strong>AJ Atelier des Cuivres<\/strong><\/a><\/li>\n\n\n\n<li><a href=\"https:\/\/www.facebook.com\/arpegesarmandmeyer?__cft__%5b0%5d=AZWOdDl6Q41o6zYX7Rt3bQeCVnR_9AEUJSVS60V9-b1pIjHuP2uM_cjtiEaI17FnN_ZSwTJFxvX_2QnbksJNHTaYzOMVJMIye8JyfJzD1gzXCQTc725J1vCwzMkflHk5AZHGqjUKkm8J07-YlN8a2I0jrsGSChgq23tocMdL_DK5gw&amp;__tn__=-%5dK-R\"><strong>Arp\u00e8ges Armand Meyer<\/strong><\/a><\/li>\n\n\n\n<li>Jerome Wiss<\/li>\n\n\n\n<li><a href=\"https:\/\/www.facebook.com\/MercerBarker?__cft__%5b0%5d=AZWOdDl6Q41o6zYX7Rt3bQeCVnR_9AEUJSVS60V9-b1pIjHuP2uM_cjtiEaI17FnN_ZSwTJFxvX_2QnbksJNHTaYzOMVJMIye8JyfJzD1gzXCQTc725J1vCwzMkflHk5AZHGqjUKkm8J07-YlN8a2I0jrsGSChgq23tocMdL_DK5gw&amp;__tn__=-%5dK-R\"><strong>Mercer &amp; Barker Ltd<\/strong><\/a><\/li>\n\n\n\n<li><a href=\"https:\/\/www.facebook.com\/profile.php?id=100063244387435&amp;__cft__%5b0%5d=AZWOdDl6Q41o6zYX7Rt3bQeCVnR_9AEUJSVS60V9-b1pIjHuP2uM_cjtiEaI17FnN_ZSwTJFxvX_2QnbksJNHTaYzOMVJMIye8JyfJzD1gzXCQTc725J1vCwzMkflHk5AZHGqjUKkm8J07-YlN8a2I0jrsGSChgq23tocMdL_DK5gw&amp;__tn__=-%5dK-R\"><strong>Editions Robert Martin<\/strong><\/a><\/li>\n\n\n\n<li>Atelier Rico Vents<\/li>\n\n\n\n<li><a href=\"https:\/\/www.facebook.com\/isere.le.departement?__cft__%5b0%5d=AZWOdDl6Q41o6zYX7Rt3bQeCVnR_9AEUJSVS60V9-b1pIjHuP2uM_cjtiEaI17FnN_ZSwTJFxvX_2QnbksJNHTaYzOMVJMIye8JyfJzD1gzXCQTc725J1vCwzMkflHk5AZHGqjUKkm8J07-YlN8a2I0jrsGSChgq23tocMdL_DK5gw&amp;__tn__=-%5dK-R\"><strong>Le d\u00e9partement de l&rsquo;Is\u00e8re<\/strong><\/a><\/li>\n<\/ul>\n\n\n\n<figure class=\"wp-block-gallery has-nested-images columns-2 is-cropped wp-block-gallery-1 is-layout-flex wp-block-gallery-is-layout-flex\">\n<figure class=\"wp-block-image size-full\"><img loading=\"lazy\" decoding=\"async\" width=\"1000\" height=\"524\" data-id=\"298\" src=\"https:\/\/emcu.fr\/wp-content\/uploads\/2025\/05\/cc2025-prixmus.jpg\" alt=\"\" class=\"wp-image-298\" srcset=\"https:\/\/emcu.fr\/wp-content\/uploads\/2025\/05\/cc2025-prixmus.jpg 1000w, https:\/\/emcu.fr\/wp-content\/uploads\/2025\/05\/cc2025-prixmus-300x157.jpg 300w, https:\/\/emcu.fr\/wp-content\/uploads\/2025\/05\/cc2025-prixmus-768x402.jpg 768w\" sizes=\"auto, (max-width: 1000px) 100vw, 1000px\" \/><figcaption class=\"wp-element-caption\">Prix des musiciens<\/figcaption><\/figure>\n\n\n\n<figure class=\"wp-block-image size-full\"><img loading=\"lazy\" decoding=\"async\" width=\"1000\" height=\"524\" data-id=\"302\" src=\"https:\/\/emcu.fr\/wp-content\/uploads\/2025\/05\/cc2025-prixpublic.jpg\" alt=\"\" class=\"wp-image-302\" srcset=\"https:\/\/emcu.fr\/wp-content\/uploads\/2025\/05\/cc2025-prixpublic.jpg 1000w, https:\/\/emcu.fr\/wp-content\/uploads\/2025\/05\/cc2025-prixpublic-300x157.jpg 300w, https:\/\/emcu.fr\/wp-content\/uploads\/2025\/05\/cc2025-prixpublic-768x402.jpg 768w\" sizes=\"auto, (max-width: 1000px) 100vw, 1000px\" \/><figcaption class=\"wp-element-caption\">Prix du public<\/figcaption><\/figure>\n\n\n\n<figure class=\"wp-block-image size-full\"><img loading=\"lazy\" decoding=\"async\" width=\"1000\" height=\"524\" data-id=\"301\" src=\"https:\/\/emcu.fr\/wp-content\/uploads\/2025\/05\/cc2025-prix1.jpg\" alt=\"\" class=\"wp-image-301\" srcset=\"https:\/\/emcu.fr\/wp-content\/uploads\/2025\/05\/cc2025-prix1.jpg 1000w, https:\/\/emcu.fr\/wp-content\/uploads\/2025\/05\/cc2025-prix1-300x157.jpg 300w, https:\/\/emcu.fr\/wp-content\/uploads\/2025\/05\/cc2025-prix1-768x402.jpg 768w\" sizes=\"auto, (max-width: 1000px) 100vw, 1000px\" \/><figcaption class=\"wp-element-caption\">Premier prix<\/figcaption><\/figure>\n\n\n\n<figure class=\"wp-block-image size-full\"><img loading=\"lazy\" decoding=\"async\" width=\"1000\" height=\"524\" data-id=\"300\" src=\"https:\/\/emcu.fr\/wp-content\/uploads\/2025\/05\/cc2025-prix2.jpg\" alt=\"\" class=\"wp-image-300\" srcset=\"https:\/\/emcu.fr\/wp-content\/uploads\/2025\/05\/cc2025-prix2.jpg 1000w, https:\/\/emcu.fr\/wp-content\/uploads\/2025\/05\/cc2025-prix2-300x157.jpg 300w, https:\/\/emcu.fr\/wp-content\/uploads\/2025\/05\/cc2025-prix2-768x402.jpg 768w\" sizes=\"auto, (max-width: 1000px) 100vw, 1000px\" \/><figcaption class=\"wp-element-caption\">Second prix<\/figcaption><\/figure>\n\n\n\n<figure class=\"wp-block-image size-full\"><img loading=\"lazy\" decoding=\"async\" width=\"1000\" height=\"524\" data-id=\"299\" src=\"https:\/\/emcu.fr\/wp-content\/uploads\/2025\/05\/cc2025-prix3.jpg\" alt=\"\" class=\"wp-image-299\" srcset=\"https:\/\/emcu.fr\/wp-content\/uploads\/2025\/05\/cc2025-prix3.jpg 1000w, https:\/\/emcu.fr\/wp-content\/uploads\/2025\/05\/cc2025-prix3-300x157.jpg 300w, https:\/\/emcu.fr\/wp-content\/uploads\/2025\/05\/cc2025-prix3-768x402.jpg 768w\" sizes=\"auto, (max-width: 1000px) 100vw, 1000px\" \/><figcaption class=\"wp-element-caption\">Troisi\u00e8me prix<\/figcaption><\/figure>\n\n\n\n<figure class=\"wp-block-image size-full\"><img loading=\"lazy\" decoding=\"async\" width=\"1000\" height=\"524\" data-id=\"233\" src=\"https:\/\/emcu.fr\/wp-content\/uploads\/2024\/11\/jury2025_CKesmaecker.jpg\" alt=\"\" class=\"wp-image-233\" srcset=\"https:\/\/emcu.fr\/wp-content\/uploads\/2024\/11\/jury2025_CKesmaecker.jpg 1000w, https:\/\/emcu.fr\/wp-content\/uploads\/2024\/11\/jury2025_CKesmaecker-300x157.jpg 300w, https:\/\/emcu.fr\/wp-content\/uploads\/2024\/11\/jury2025_CKesmaecker-768x402.jpg 768w\" sizes=\"auto, (max-width: 1000px) 100vw, 1000px\" \/><figcaption class=\"wp-element-caption\">Claude Kesmaecker, Pr\u00e9sident du Jury<\/figcaption><\/figure>\n\n\n\n<figure class=\"wp-block-image size-full\"><img loading=\"lazy\" decoding=\"async\" width=\"1000\" height=\"524\" data-id=\"235\" src=\"https:\/\/emcu.fr\/wp-content\/uploads\/2024\/11\/Jury2025_SKennedy.jpg\" alt=\"\" class=\"wp-image-235\" srcset=\"https:\/\/emcu.fr\/wp-content\/uploads\/2024\/11\/Jury2025_SKennedy.jpg 1000w, https:\/\/emcu.fr\/wp-content\/uploads\/2024\/11\/Jury2025_SKennedy-300x157.jpg 300w, https:\/\/emcu.fr\/wp-content\/uploads\/2024\/11\/Jury2025_SKennedy-768x402.jpg 768w\" sizes=\"auto, (max-width: 1000px) 100vw, 1000px\" \/><figcaption class=\"wp-element-caption\">Stephanie Kennedy, Jury, M&amp;B Artist<\/figcaption><\/figure>\n\n\n\n<figure class=\"wp-block-image size-full\"><img loading=\"lazy\" decoding=\"async\" width=\"1000\" height=\"524\" data-id=\"234\" src=\"https:\/\/emcu.fr\/wp-content\/uploads\/2024\/11\/Jury2025_MAndre.jpg\" alt=\"\" class=\"wp-image-234\" srcset=\"https:\/\/emcu.fr\/wp-content\/uploads\/2024\/11\/Jury2025_MAndre.jpg 1000w, https:\/\/emcu.fr\/wp-content\/uploads\/2024\/11\/Jury2025_MAndre-300x157.jpg 300w, https:\/\/emcu.fr\/wp-content\/uploads\/2024\/11\/Jury2025_MAndre-768x402.jpg 768w\" sizes=\"auto, (max-width: 1000px) 100vw, 1000px\" \/><figcaption class=\"wp-element-caption\">Marc Andr\u00e9, Jury<\/figcaption><\/figure>\n\n\n\n<figure class=\"wp-block-image size-full\"><img loading=\"lazy\" decoding=\"async\" width=\"1000\" height=\"524\" data-id=\"250\" src=\"https:\/\/emcu.fr\/wp-content\/uploads\/2024\/12\/concours_2025_partenaires.jpg\" alt=\"\" class=\"wp-image-250\" srcset=\"https:\/\/emcu.fr\/wp-content\/uploads\/2024\/12\/concours_2025_partenaires.jpg 1000w, https:\/\/emcu.fr\/wp-content\/uploads\/2024\/12\/concours_2025_partenaires-300x157.jpg 300w, https:\/\/emcu.fr\/wp-content\/uploads\/2024\/12\/concours_2025_partenaires-768x402.jpg 768w\" sizes=\"auto, (max-width: 1000px) 100vw, 1000px\" \/><figcaption class=\"wp-element-caption\">Nos partenaires<\/figcaption><\/figure>\n<\/figure>\n","protected":false},"excerpt":{"rendered":"<p>[English below] Un concert de cl\u00f4ture inoubliable ! Hier soir, notre grand projet autour du 1er concours international de composition pour grand orchestre de cuivres et percussions s\u2019est termin\u00e9 en beaut\u00e9 En premi\u00e8re partie, un public nombreux est venu applaudir les stagiaires cuivres de la r\u00e9gion de Saint-Marcellin ainsi que les chanteurs de l&rsquo;\u00e9cole \u00e9l\u00e9mentaire de Cognin-les-Gorges. Bravo \u00e0 eux ! En seconde partie, l\u2019ensemble E=mCu a interpr\u00e9t\u00e9 avec brio les 3 \u0153uvres finalistes (Cycles, Dark Matter, Orbes et Fanfares), devant un jury d\u2019experts compos\u00e9 de : Stephanie Kennedy nous a \u00e9blouis au bugle, en soliste dans une \u0153uvre de Tom Davoren, accompagn\u00e9e par l\u2019ensemble E=mCu, sous la direction de C\u00e9dric Rossero. Et enfin, le moment tant attendu des r\u00e9sultats : Prix de l&rsquo;ensemble E=mCu (vote des musiciens), Ex-aequo : Prix du public : Prix du jury : Un immense merci \u00e0 : Et bien s\u00fbr, merci \u00e0 nos partenaires : [English] Results \u2013 Grand Finale \u2013 Composition Competition An unforgettable closing concert! Last night marked a beautiful conclusion to our major project: the 1st International Composition Competition for Large Brass and Percussion Ensemble. In the first part of the evening, a large audience gathered to cheer on the brass<a href=\"https:\/\/emcu.fr\/index.php\/2025\/05\/28\/resultats-grande-finale-concours-de-composition\/\" class=\"more-link\"><span class=\"readmore\">Lire plus&#8230;<span class=\"screen-reader-text\">R\u00e9sultats &#8211; Grande finale &#8211; Concours de composition<\/span><\/span><\/a><\/p>\n","protected":false},"author":1,"featured_media":301,"comment_status":"closed","ping_status":"closed","sticky":false,"template":"","format":"standard","meta":{"footnotes":""},"categories":[3,17],"tags":[],"class_list":["post-303","post","type-post","status-publish","format-standard","has-post-thumbnail","hentry","category-concerts","category-concours"],"_links":{"self":[{"href":"https:\/\/emcu.fr\/index.php\/wp-json\/wp\/v2\/posts\/303","targetHints":{"allow":["GET"]}}],"collection":[{"href":"https:\/\/emcu.fr\/index.php\/wp-json\/wp\/v2\/posts"}],"about":[{"href":"https:\/\/emcu.fr\/index.php\/wp-json\/wp\/v2\/types\/post"}],"author":[{"embeddable":true,"href":"https:\/\/emcu.fr\/index.php\/wp-json\/wp\/v2\/users\/1"}],"replies":[{"embeddable":true,"href":"https:\/\/emcu.fr\/index.php\/wp-json\/wp\/v2\/comments?post=303"}],"version-history":[{"count":4,"href":"https:\/\/emcu.fr\/index.php\/wp-json\/wp\/v2\/posts\/303\/revisions"}],"predecessor-version":[{"id":307,"href":"https:\/\/emcu.fr\/index.php\/wp-json\/wp\/v2\/posts\/303\/revisions\/307"}],"wp:featuredmedia":[{"embeddable":true,"href":"https:\/\/emcu.fr\/index.php\/wp-json\/wp\/v2\/media\/301"}],"wp:attachment":[{"href":"https:\/\/emcu.fr\/index.php\/wp-json\/wp\/v2\/media?parent=303"}],"wp:term":[{"taxonomy":"category","embeddable":true,"href":"https:\/\/emcu.fr\/index.php\/wp-json\/wp\/v2\/categories?post=303"},{"taxonomy":"post_tag","embeddable":true,"href":"https:\/\/emcu.fr\/index.php\/wp-json\/wp\/v2\/tags?post=303"}],"curies":[{"name":"wp","href":"https:\/\/api.w.org\/{rel}","templated":true}]}}