{"id":322,"date":"2025-11-24T10:52:31","date_gmt":"2025-11-24T09:52:31","guid":{"rendered":"https:\/\/emcu.fr\/?p=322"},"modified":"2025-11-24T10:55:27","modified_gmt":"2025-11-24T09:55:27","slug":"concerts-brass-christmas-avec-le-choeur-universitaire-de-grenoble","status":"publish","type":"post","link":"https:\/\/emcu.fr\/index.php\/2025\/11\/24\/concerts-brass-christmas-avec-le-choeur-universitaire-de-grenoble\/","title":{"rendered":"Concerts Brass Christmas avec le Ch\u0153ur Universitaire de Grenoble"},"content":{"rendered":"\n<p>L&rsquo;ensemble E=mCu est ravi de s&rsquo;associer au <a href=\"https:\/\/www.facebook.com\/CUG38?__cft__[0]=AZVUXsFReUM_Yh8e4-PqtRJeBn9VQckyrH5WB1aJ8-shxCdSF94fUCQBLbwhs8jJ3ZJEweEbFAxDz8rK6jnKPvxyOxQjLd786sFQAYOxLEIKD3OV2J1XSxEfs9lFXGgZ4Cke70nacYsyPx3rgaTU3zjQX_t8wugwla1f_dxGH2-xGLlTS3wkAgEAQXNSTSwj8ew&amp;__tn__=-]K-R\">Choeur Universitaire de Grenoble<\/a> lors de la c\u00e9l\u00e9bration de leurs 80 ans pour 2 concerts exceptionnels autour du r\u00e9pertoire <a><\/a>Choeur et Orchestre de cuivres.<\/p>\n\n\n\n<p>Au programme :<\/p>\n\n\n\n<p><img loading=\"lazy\" decoding=\"async\" height=\"16\" width=\"16\" alt=\"\u2744\ufe0f\" src=\"https:\/\/static.xx.fbcdn.net\/images\/emoji.php\/v9\/t2e\/1\/16\/2744.png\">Les Motets de Poulenc : Des \u0153uvres sacr\u00e9es d\u2019une profondeur rare, o\u00f9 la m\u00e9lancolie et la douceur se m\u00ealent \u00e0 une harmonie audacieuse, refl\u00e9tant toute la sensibilit\u00e9 de Francis Poulenc.<\/p>\n\n\n\n<p><img loading=\"lazy\" decoding=\"async\" height=\"16\" width=\"16\" alt=\"\u2744\ufe0f\" src=\"https:\/\/static.xx.fbcdn.net\/images\/emoji.php\/v9\/t2e\/1\/16\/2744.png\">Apparebit repentina dies de Hindemith : Une fresque puissante et dramatique, \u00e9voquant le Jugement Dernier \u00e0 travers une \u00e9criture chorale et instrumentale d\u2019une grande intensit\u00e9.<\/p>\n\n\n\n<p><img loading=\"lazy\" decoding=\"async\" height=\"16\" width=\"16\" alt=\"\u2744\ufe0f\" src=\"https:\/\/static.xx.fbcdn.net\/images\/emoji.php\/v9\/t2e\/1\/16\/2744.png\">Christmas Cantata de Pinkham : Une cantate lumineuse et jubilatoire, c\u00e9l\u00e9brant la Nativit\u00e9 avec \u00e9clat, entre ch\u0153urs et cuivres pour un final en apoth\u00e9ose.<\/p>\n\n\n\n<p><img loading=\"lazy\" decoding=\"async\" height=\"16\" width=\"16\" alt=\"\u2744\ufe0f\" src=\"https:\/\/static.xx.fbcdn.net\/images\/emoji.php\/v9\/t2e\/1\/16\/2744.png\"> L&rsquo;ensemble de cuivres et percussions E=mCu proposera \u00e9galement quelques pi\u00e8ces de son r\u00e9pertoire qui vous raviront les oreilles et vous feront briller les yeux.<\/p>\n\n\n\n<p>Plongez dans un programme \u00e9clectique et envo\u00fbtant, o\u00f9 la spiritualit\u00e9, la grandeur et la joie se r\u00e9pondent. Les choristes, accompagn\u00e9s des musiciens professionnels d\u2019E=MCU et dirig\u00e9s par Anne Laffilhe et C\u00e9dric Rossero, vous invitent \u00e0 un voyage musical unique, entre introspection et \u00e9clat festif.<\/p>\n\n\n\n<p class=\"has-large-font-size\">R\u00e9servez vos places d\u00e8s maintenant sur <a href=\"http:\/\/www.cug38.fr\/\" target=\"_blank\" rel=\"noreferrer noopener\"><strong>www.cug38.f<\/strong>r<\/a> ou <a href=\"https:\/\/www.billetweb.fr\/brass-christmas\"><strong>Tickets : Brass Christmas &#8211; Billetweb<\/strong><\/a><\/p>\n\n\n<div class=\"wp-block-image\">\n<figure class=\"aligncenter size-large\"><img loading=\"lazy\" decoding=\"async\" width=\"768\" height=\"1024\" src=\"https:\/\/emcu.fr\/wp-content\/uploads\/2025\/11\/2025_emcu_brass_christmas-768x1024.jpg\" alt=\"\" class=\"wp-image-324\" srcset=\"https:\/\/emcu.fr\/wp-content\/uploads\/2025\/11\/2025_emcu_brass_christmas-768x1024.jpg 768w, https:\/\/emcu.fr\/wp-content\/uploads\/2025\/11\/2025_emcu_brass_christmas-225x300.jpg 225w, https:\/\/emcu.fr\/wp-content\/uploads\/2025\/11\/2025_emcu_brass_christmas.jpg 1080w\" sizes=\"auto, (max-width: 768px) 100vw, 768px\" \/><\/figure>\n<\/div>","protected":false},"excerpt":{"rendered":"<p>L&rsquo;ensemble E=mCu est ravi de s&rsquo;associer au Choeur Universitaire de Grenoble lors de la c\u00e9l\u00e9bration de leurs 80 ans pour 2 concerts exceptionnels autour du r\u00e9pertoire Choeur et Orchestre de cuivres. Au programme : Les Motets de Poulenc : Des \u0153uvres sacr\u00e9es d\u2019une profondeur rare, o\u00f9 la m\u00e9lancolie et la douceur se m\u00ealent \u00e0 une harmonie audacieuse, refl\u00e9tant toute la sensibilit\u00e9 de Francis Poulenc. Apparebit repentina dies de Hindemith : Une fresque puissante et dramatique, \u00e9voquant le Jugement Dernier \u00e0 travers une \u00e9criture chorale et instrumentale d\u2019une grande intensit\u00e9. Christmas Cantata de Pinkham : Une cantate lumineuse et jubilatoire, c\u00e9l\u00e9brant la Nativit\u00e9 avec \u00e9clat, entre ch\u0153urs et cuivres pour un final en apoth\u00e9ose. L&rsquo;ensemble de cuivres et percussions E=mCu proposera \u00e9galement quelques pi\u00e8ces de son r\u00e9pertoire qui vous raviront les oreilles et vous feront briller les yeux. Plongez dans un programme \u00e9clectique et envo\u00fbtant, o\u00f9 la spiritualit\u00e9, la grandeur et la joie se r\u00e9pondent. Les choristes, accompagn\u00e9s des musiciens professionnels d\u2019E=MCU et dirig\u00e9s par Anne Laffilhe et C\u00e9dric Rossero, vous invitent \u00e0 un voyage musical unique, entre introspection et \u00e9clat festif. R\u00e9servez vos places d\u00e8s maintenant sur www.cug38.fr ou Tickets : Brass Christmas &#8211; Billetweb<\/p>\n","protected":false},"author":1,"featured_media":324,"comment_status":"closed","ping_status":"closed","sticky":true,"template":"","format":"standard","meta":{"footnotes":""},"categories":[3],"tags":[],"class_list":["post-322","post","type-post","status-publish","format-standard","has-post-thumbnail","hentry","category-concerts"],"_links":{"self":[{"href":"https:\/\/emcu.fr\/index.php\/wp-json\/wp\/v2\/posts\/322","targetHints":{"allow":["GET"]}}],"collection":[{"href":"https:\/\/emcu.fr\/index.php\/wp-json\/wp\/v2\/posts"}],"about":[{"href":"https:\/\/emcu.fr\/index.php\/wp-json\/wp\/v2\/types\/post"}],"author":[{"embeddable":true,"href":"https:\/\/emcu.fr\/index.php\/wp-json\/wp\/v2\/users\/1"}],"replies":[{"embeddable":true,"href":"https:\/\/emcu.fr\/index.php\/wp-json\/wp\/v2\/comments?post=322"}],"version-history":[{"count":3,"href":"https:\/\/emcu.fr\/index.php\/wp-json\/wp\/v2\/posts\/322\/revisions"}],"predecessor-version":[{"id":326,"href":"https:\/\/emcu.fr\/index.php\/wp-json\/wp\/v2\/posts\/322\/revisions\/326"}],"wp:featuredmedia":[{"embeddable":true,"href":"https:\/\/emcu.fr\/index.php\/wp-json\/wp\/v2\/media\/324"}],"wp:attachment":[{"href":"https:\/\/emcu.fr\/index.php\/wp-json\/wp\/v2\/media?parent=322"}],"wp:term":[{"taxonomy":"category","embeddable":true,"href":"https:\/\/emcu.fr\/index.php\/wp-json\/wp\/v2\/categories?post=322"},{"taxonomy":"post_tag","embeddable":true,"href":"https:\/\/emcu.fr\/index.php\/wp-json\/wp\/v2\/tags?post=322"}],"curies":[{"name":"wp","href":"https:\/\/api.w.org\/{rel}","templated":true}]}}