{"id":67,"date":"2024-06-06T10:30:29","date_gmt":"2024-06-06T08:30:29","guid":{"rendered":"https:\/\/emcu.fr\/?p=67"},"modified":"2024-06-06T10:51:54","modified_gmt":"2024-06-06T08:51:54","slug":"retour-sur-linvitation-par-lharmonie-muroise","status":"publish","type":"post","link":"https:\/\/emcu.fr\/index.php\/2024\/06\/06\/retour-sur-linvitation-par-lharmonie-muroise\/","title":{"rendered":"Retour sur l&rsquo;invitation par l&rsquo;Harmonie Muroise"},"content":{"rendered":"\n<p>Ce samedi l&rsquo;ensemble E=mCu a r\u00e9pondu \u00e0 l&rsquo;invitation de l&rsquo;<a href=\"https:\/\/www.facebook.com\/harmoniemuroise38?__cft__[0]=AZWi3lbJi5hpNHKI7sp5xGyHAPwndU_zhk4XHeCNk4vz-kzTGMQTvevK3VLsgTCd9-jw75BgVGQ32-mAwrZDNwilN9zE2owuG1vKQcz-u2pftjIJjmZTXc3eR1NHgIHPHgQzqcf8RyyLqe4KtMX-HGZgnDYtTa8ZnwXdU1X-xoBjwuMpzDpdGG-r5S-ekM6bYHY&amp;__tn__=-]K-R\">Harmonie Muroise<\/a> \u00e0 l&rsquo;occasion de son traditionnel concert de gala.<\/p>\n\n\n\n<p>Un tr\u00e8s grand merci pour ce chaleureux accueil et ce joli concert partag\u00e9 jusqu&rsquo;\u00e0 se retrouver ensemble sur sc\u00e8ne pour terminer la soir\u00e9e.<\/p>\n\n\n\n<figure class=\"wp-block-gallery has-nested-images columns-default is-cropped wp-block-gallery-1 is-layout-flex wp-block-gallery-is-layout-flex\">\n<figure class=\"wp-block-image size-large\"><img loading=\"lazy\" decoding=\"async\" width=\"1024\" height=\"768\" data-id=\"76\" src=\"https:\/\/emcu.fr\/wp-content\/uploads\/2024\/06\/20240522_retour_01-1024x768.jpg\" alt=\"\" class=\"wp-image-76\" srcset=\"https:\/\/emcu.fr\/wp-content\/uploads\/2024\/06\/20240522_retour_01-1024x768.jpg 1024w, https:\/\/emcu.fr\/wp-content\/uploads\/2024\/06\/20240522_retour_01-300x225.jpg 300w, https:\/\/emcu.fr\/wp-content\/uploads\/2024\/06\/20240522_retour_01-768x576.jpg 768w, https:\/\/emcu.fr\/wp-content\/uploads\/2024\/06\/20240522_retour_01-1536x1152.jpg 1536w, https:\/\/emcu.fr\/wp-content\/uploads\/2024\/06\/20240522_retour_01-960x720.jpg 960w, https:\/\/emcu.fr\/wp-content\/uploads\/2024\/06\/20240522_retour_01-640x480.jpg 640w, https:\/\/emcu.fr\/wp-content\/uploads\/2024\/06\/20240522_retour_01.jpg 1600w\" sizes=\"auto, (max-width: 1024px) 100vw, 1024px\" \/><\/figure>\n\n\n\n<figure class=\"wp-block-image size-large\"><img loading=\"lazy\" decoding=\"async\" width=\"1024\" height=\"768\" data-id=\"75\" src=\"https:\/\/emcu.fr\/wp-content\/uploads\/2024\/06\/20240522_retour_02-1024x768.jpg\" alt=\"\" class=\"wp-image-75\" srcset=\"https:\/\/emcu.fr\/wp-content\/uploads\/2024\/06\/20240522_retour_02-1024x768.jpg 1024w, https:\/\/emcu.fr\/wp-content\/uploads\/2024\/06\/20240522_retour_02-300x225.jpg 300w, https:\/\/emcu.fr\/wp-content\/uploads\/2024\/06\/20240522_retour_02-768x576.jpg 768w, https:\/\/emcu.fr\/wp-content\/uploads\/2024\/06\/20240522_retour_02-1536x1152.jpg 1536w, https:\/\/emcu.fr\/wp-content\/uploads\/2024\/06\/20240522_retour_02-960x720.jpg 960w, https:\/\/emcu.fr\/wp-content\/uploads\/2024\/06\/20240522_retour_02-640x480.jpg 640w, https:\/\/emcu.fr\/wp-content\/uploads\/2024\/06\/20240522_retour_02.jpg 1600w\" sizes=\"auto, (max-width: 1024px) 100vw, 1024px\" \/><\/figure>\n\n\n\n<figure class=\"wp-block-image size-large\"><img loading=\"lazy\" decoding=\"async\" width=\"1024\" height=\"768\" data-id=\"74\" src=\"https:\/\/emcu.fr\/wp-content\/uploads\/2024\/06\/20240522_retour_03-1024x768.jpg\" alt=\"\" class=\"wp-image-74\" srcset=\"https:\/\/emcu.fr\/wp-content\/uploads\/2024\/06\/20240522_retour_03-1024x768.jpg 1024w, https:\/\/emcu.fr\/wp-content\/uploads\/2024\/06\/20240522_retour_03-300x225.jpg 300w, https:\/\/emcu.fr\/wp-content\/uploads\/2024\/06\/20240522_retour_03-768x576.jpg 768w, https:\/\/emcu.fr\/wp-content\/uploads\/2024\/06\/20240522_retour_03-1536x1152.jpg 1536w, https:\/\/emcu.fr\/wp-content\/uploads\/2024\/06\/20240522_retour_03-960x720.jpg 960w, https:\/\/emcu.fr\/wp-content\/uploads\/2024\/06\/20240522_retour_03-640x480.jpg 640w, https:\/\/emcu.fr\/wp-content\/uploads\/2024\/06\/20240522_retour_03.jpg 1600w\" sizes=\"auto, (max-width: 1024px) 100vw, 1024px\" \/><\/figure>\n<\/figure>\n","protected":false},"excerpt":{"rendered":"<p>Ce samedi l&rsquo;ensemble E=mCu a r\u00e9pondu \u00e0 l&rsquo;invitation de l&rsquo;Harmonie Muroise \u00e0 l&rsquo;occasion de son traditionnel concert de gala. Un tr\u00e8s grand merci pour ce chaleureux accueil et ce joli concert partag\u00e9 jusqu&rsquo;\u00e0 se retrouver ensemble sur sc\u00e8ne pour terminer la soir\u00e9e.<\/p>\n","protected":false},"author":1,"featured_media":76,"comment_status":"closed","ping_status":"open","sticky":false,"template":"","format":"standard","meta":{"footnotes":""},"categories":[3],"tags":[],"class_list":["post-67","post","type-post","status-publish","format-standard","has-post-thumbnail","hentry","category-concerts"],"_links":{"self":[{"href":"https:\/\/emcu.fr\/index.php\/wp-json\/wp\/v2\/posts\/67","targetHints":{"allow":["GET"]}}],"collection":[{"href":"https:\/\/emcu.fr\/index.php\/wp-json\/wp\/v2\/posts"}],"about":[{"href":"https:\/\/emcu.fr\/index.php\/wp-json\/wp\/v2\/types\/post"}],"author":[{"embeddable":true,"href":"https:\/\/emcu.fr\/index.php\/wp-json\/wp\/v2\/users\/1"}],"replies":[{"embeddable":true,"href":"https:\/\/emcu.fr\/index.php\/wp-json\/wp\/v2\/comments?post=67"}],"version-history":[{"count":6,"href":"https:\/\/emcu.fr\/index.php\/wp-json\/wp\/v2\/posts\/67\/revisions"}],"predecessor-version":[{"id":77,"href":"https:\/\/emcu.fr\/index.php\/wp-json\/wp\/v2\/posts\/67\/revisions\/77"}],"wp:featuredmedia":[{"embeddable":true,"href":"https:\/\/emcu.fr\/index.php\/wp-json\/wp\/v2\/media\/76"}],"wp:attachment":[{"href":"https:\/\/emcu.fr\/index.php\/wp-json\/wp\/v2\/media?parent=67"}],"wp:term":[{"taxonomy":"category","embeddable":true,"href":"https:\/\/emcu.fr\/index.php\/wp-json\/wp\/v2\/categories?post=67"},{"taxonomy":"post_tag","embeddable":true,"href":"https:\/\/emcu.fr\/index.php\/wp-json\/wp\/v2\/tags?post=67"}],"curies":[{"name":"wp","href":"https:\/\/api.w.org\/{rel}","templated":true}]}}